{"id":2000,"date":"2022-09-27T19:21:34","date_gmt":"2022-09-27T17:21:34","guid":{"rendered":"http:\/\/bassgeigengala.de\/?p=2000"},"modified":"2022-09-28T17:04:18","modified_gmt":"2022-09-28T15:04:18","slug":"videoimpressionen-der-30-bassgeiegengala","status":"publish","type":"post","link":"http:\/\/bassgeigengala.de\/?p=2000","title":{"rendered":"Videoimpressionen der 30. Bassgeiegengala"},"content":{"rendered":"\n<p>Liebe Freunde der konzertanten tiefen T\u00f6ne. Sp\u00e4t, aber vielleicht dennoch als sch\u00f6ne audio-visuelle Erinnerung an unsere beiden Konzerte haben wir ich euch hier noch ein paar Video-Schnipsel bereitgestellt. Besonderer Dank geht an Beate &amp; Sebastian Kaiser f\u00fcr das flei\u00dfige Mitfilmen und Claus Vielhauer f\u00fcr den Schnitt.<\/p>\n\n\n\n<p>Viel Freude beim Schauen und Lauschen w\u00fcnscht euch euer Ingo Burghausen! <\/p>\n\n\n\n<figure class=\"wp-block-video\"><video controls src=\"http:\/\/bassgeigengala.de\/wordpress\/wp-content\/uploads\/2022\/09\/Barcarole-Koethen.mp4\"><\/video><figcaption>Die Barcarole von Jacques Offenbach beim Konzert am 25. Juni 2022 in der Schlosskirche<br>St. Aegidien, Bernburg<\/figcaption><\/figure>\n\n\n\n<figure class=\"wp-block-video\"><video controls src=\"http:\/\/bassgeigengala.de\/wordpress\/wp-content\/uploads\/2022\/09\/Kater-Frank-macht-Vater-krank.mp4\"><\/video><figcaption>Ebenfalls aus dem Konzert in Bernburg: &#8222;Kater Frank macht Vater krank&#8220; &#8211; Solo von Lotta Kaiser<\/figcaption><\/figure>\n\n\n\n<figure class=\"wp-block-video\"><video controls src=\"http:\/\/bassgeigengala.de\/wordpress\/wp-content\/uploads\/2022\/09\/Miloslav-Gajdos-BBG.mp4\"><\/video><figcaption>Die Beitr\u00e4ge des wunderbaren Miloslav Gajdos im Schlo\u00df Mosigkau am 26.06.2022 &#8211; senationell!<\/figcaption><\/figure>\n\n\n\n<figure class=\"wp-block-video\"><video controls src=\"http:\/\/bassgeigengala.de\/wordpress\/wp-content\/uploads\/2022\/09\/Overtuere-vom-Fussball-Bass-Sommermaerchen-2018.mp4\"><\/video><figcaption>Die &#8222;Overt\u00fcre vom Fussball Bass Sommerm\u00e4rchen 2018&#8220; bei gef\u00fchlten 40\u00b0 im Schatten vor dem Schlo\u00df Mosigkau<\/figcaption><\/figure>\n\n\n\n<figure class=\"wp-block-video\"><video controls src=\"http:\/\/bassgeigengala.de\/wordpress\/wp-content\/uploads\/2022\/09\/Telemann-Rondo-Mosigkau.mp4\"><\/video><figcaption>Und schlie\u00dflich noch ein Rondo von G.P. Telemann, welches wohl Thema f\u00fcr eine bekannte Hymne wurde&#8230;.<\/figcaption><\/figure>\n","protected":false},"excerpt":{"rendered":"<p>Liebe Freunde der konzertanten tiefen T\u00f6ne. Sp\u00e4t, aber vielleicht dennoch als sch\u00f6ne audio-visuelle Erinnerung an unsere beiden Konzerte haben wir ich euch hier noch ein paar Video-Schnipsel bereitgestellt. Besonderer Dank geht an Beate &amp; Sebastian Kaiser f\u00fcr das flei\u00dfige Mitfilmen &hellip; <a href=\"http:\/\/bassgeigengala.de\/?p=2000\">Weiterlesen <span class=\"meta-nav\">&rarr;<\/span><\/a><\/p>\n","protected":false},"author":3,"featured_media":0,"comment_status":"closed","ping_status":"closed","sticky":false,"template":"","format":"standard","meta":{"footnotes":""},"categories":[1],"tags":[],"class_list":["post-2000","post","type-post","status-publish","format-standard","hentry","category-allgemein"],"_links":{"self":[{"href":"http:\/\/bassgeigengala.de\/index.php?rest_route=\/wp\/v2\/posts\/2000","targetHints":{"allow":["GET"]}}],"collection":[{"href":"http:\/\/bassgeigengala.de\/index.php?rest_route=\/wp\/v2\/posts"}],"about":[{"href":"http:\/\/bassgeigengala.de\/index.php?rest_route=\/wp\/v2\/types\/post"}],"author":[{"embeddable":true,"href":"http:\/\/bassgeigengala.de\/index.php?rest_route=\/wp\/v2\/users\/3"}],"replies":[{"embeddable":true,"href":"http:\/\/bassgeigengala.de\/index.php?rest_route=%2Fwp%2Fv2%2Fcomments&post=2000"}],"version-history":[{"count":8,"href":"http:\/\/bassgeigengala.de\/index.php?rest_route=\/wp\/v2\/posts\/2000\/revisions"}],"predecessor-version":[{"id":2043,"href":"http:\/\/bassgeigengala.de\/index.php?rest_route=\/wp\/v2\/posts\/2000\/revisions\/2043"}],"wp:attachment":[{"href":"http:\/\/bassgeigengala.de\/index.php?rest_route=%2Fwp%2Fv2%2Fmedia&parent=2000"}],"wp:term":[{"taxonomy":"category","embeddable":true,"href":"http:\/\/bassgeigengala.de\/index.php?rest_route=%2Fwp%2Fv2%2Fcategories&post=2000"},{"taxonomy":"post_tag","embeddable":true,"href":"http:\/\/bassgeigengala.de\/index.php?rest_route=%2Fwp%2Fv2%2Ftags&post=2000"}],"curies":[{"name":"wp","href":"https:\/\/api.w.org\/{rel}","templated":true}]}}