{"id":2224,"date":"2024-07-01T17:53:36","date_gmt":"2024-07-01T15:53:36","guid":{"rendered":"http:\/\/bassgeigengala.de\/?p=2224"},"modified":"2024-07-04T22:34:53","modified_gmt":"2024-07-04T20:34:53","slug":"die-32-bassgeigengala-8-und-9-juni-2024","status":"publish","type":"post","link":"https:\/\/bassgeigengala.de\/?p=2224","title":{"rendered":"Die 32. Bassgeigengala am 8. und 9. Juni 2024"},"content":{"rendered":"\n<figure class=\"wp-block-image size-large\"><img decoding=\"async\" width=\"1200\" height=\"904\" src=\"http:\/\/bassgeigengala.de\/wordpress\/wp-content\/uploads\/2024\/07\/photo_2024-07-01_17-05-57-1200x904.jpg\" alt=\"\" class=\"wp-image-2225\" srcset=\"https:\/\/bassgeigengala.de\/wordpress\/wp-content\/uploads\/2024\/07\/photo_2024-07-01_17-05-57-1200x904.jpg 1200w, https:\/\/bassgeigengala.de\/wordpress\/wp-content\/uploads\/2024\/07\/photo_2024-07-01_17-05-57-300x226.jpg 300w, https:\/\/bassgeigengala.de\/wordpress\/wp-content\/uploads\/2024\/07\/photo_2024-07-01_17-05-57-768x578.jpg 768w, https:\/\/bassgeigengala.de\/wordpress\/wp-content\/uploads\/2024\/07\/photo_2024-07-01_17-05-57-398x300.jpg 398w, https:\/\/bassgeigengala.de\/wordpress\/wp-content\/uploads\/2024\/07\/photo_2024-07-01_17-05-57.jpg 1280w\" sizes=\"(max-width: 1200px) 100vw, 1200px\" \/><\/figure>\n\n\n\n<p>Nun sind schon wieder einige Wochen vergangen und ich bin noch immer voller Gl\u00fccksgef\u00fchle &#8211; \u201eAllerB\u00c4SSte Freunde\u201c &#8211; das sollte eigentlich nur das Motto sein aber es wurde wahr und wir haben es gelebt! Trotz aller Schwierigkeiten haben wir uns getroffen und eine unbeschreiblich intensive und erf\u00fcllende Bassgeigengala gestaltet! Die positive Resonanz und Ausstrahlung war beeindruckend! Es f\u00e4llt mir schwer, einzelne Mitstreiter hervorzuheben, ihr habt gezeigt, dass auch mit 32 Jahren die \u201eBageiga\u201c lebt und begeistert! Danke an alle Komponisten und Arrangeure, beeindruckend eure Musik!<\/p>\n\n\n\n<p>Danke an Antje und das Team vom Kulturamt Bernburg, an die Jugendherberge und die Schlosskirche Bernburg, an die Mitarbeiter vom Schloss Mosigkau und und und\u2026 Das Allersch\u00f6nste f\u00fcr mich ist aber die Tatsache, dass die Bassgeigengala weiter geht und ich bin unglaublich dankbar, dass Franz diese Verantwortung mit so viel Freude \u00fcbernehmen wird! Danke Franz und nat\u00fcrlich auch ein herzliches Dankesch\u00f6n an Miloslav und Michel, an Chantal und unseren unerm\u00fcdlichen Helfer Ingo (den \u201eJ\u00fcngeren\u201c), danke an Claus und Johannes (f\u00fcr die Pressearbeit)!<br>Und ganz pers\u00f6nlich von mir: DANKE f\u00fcr euer Verst\u00e4ndnis und Hilfe und die M\u00f6glichkeit mit euch allen gemeinsam zu musizieren- ihr alle habt mir einen Traum erf\u00fcllt!<br>Ingo<br><\/p>\n\n\n\n<p>Hier einige Impressionen der spannenden 3 Tage (Fotos\/Videos X\/Y\/Z):<\/p>\n\n\n\n<h2 class=\"wp-block-heading\">Die intensive Workshop-Phase am 07. und 08. Juni &#8211; bis in die tiefe Nacht mit tiefer und b\u00e4sster Musik (siehe auch Videos unten)!<\/h2>\n\n\n\n<figure class=\"wp-block-image size-full is-style-default\"><img decoding=\"async\" width=\"1280\" height=\"960\" src=\"http:\/\/bassgeigengala.de\/wordpress\/wp-content\/uploads\/2024\/07\/photo_2024-07-01_17-03-58.jpg\" alt=\"\" class=\"wp-image-2237\" srcset=\"https:\/\/bassgeigengala.de\/wordpress\/wp-content\/uploads\/2024\/07\/photo_2024-07-01_17-03-58.jpg 1280w, https:\/\/bassgeigengala.de\/wordpress\/wp-content\/uploads\/2024\/07\/photo_2024-07-01_17-03-58-300x225.jpg 300w, https:\/\/bassgeigengala.de\/wordpress\/wp-content\/uploads\/2024\/07\/photo_2024-07-01_17-03-58-1200x900.jpg 1200w, https:\/\/bassgeigengala.de\/wordpress\/wp-content\/uploads\/2024\/07\/photo_2024-07-01_17-03-58-768x576.jpg 768w, https:\/\/bassgeigengala.de\/wordpress\/wp-content\/uploads\/2024\/07\/photo_2024-07-01_17-03-58-400x300.jpg 400w\" sizes=\"(max-width: 1280px) 100vw, 1280px\" \/><\/figure>\n\n\n\n<figure class=\"wp-block-gallery has-nested-images columns-2 wp-block-gallery-1 is-layout-flex wp-block-gallery-is-layout-flex\">\n<figure class=\"wp-block-image size-full\"><img decoding=\"async\" width=\"1280\" height=\"964\" data-id=\"2233\" src=\"http:\/\/bassgeigengala.de\/wordpress\/wp-content\/uploads\/2024\/07\/photo_2024-07-01_17-05-57-1.jpg\" alt=\"\" class=\"wp-image-2233\" srcset=\"https:\/\/bassgeigengala.de\/wordpress\/wp-content\/uploads\/2024\/07\/photo_2024-07-01_17-05-57-1.jpg 1280w, https:\/\/bassgeigengala.de\/wordpress\/wp-content\/uploads\/2024\/07\/photo_2024-07-01_17-05-57-1-300x226.jpg 300w, https:\/\/bassgeigengala.de\/wordpress\/wp-content\/uploads\/2024\/07\/photo_2024-07-01_17-05-57-1-1200x904.jpg 1200w, https:\/\/bassgeigengala.de\/wordpress\/wp-content\/uploads\/2024\/07\/photo_2024-07-01_17-05-57-1-768x578.jpg 768w, https:\/\/bassgeigengala.de\/wordpress\/wp-content\/uploads\/2024\/07\/photo_2024-07-01_17-05-57-1-398x300.jpg 398w\" sizes=\"(max-width: 1280px) 100vw, 1280px\" \/><\/figure>\n\n\n\n<figure class=\"wp-block-image size-full\"><img decoding=\"async\" width=\"1280\" height=\"964\" data-id=\"2232\" src=\"http:\/\/bassgeigengala.de\/wordpress\/wp-content\/uploads\/2024\/07\/photo_2024-07-01_17-06-02.jpg\" alt=\"\" class=\"wp-image-2232\" srcset=\"https:\/\/bassgeigengala.de\/wordpress\/wp-content\/uploads\/2024\/07\/photo_2024-07-01_17-06-02.jpg 1280w, https:\/\/bassgeigengala.de\/wordpress\/wp-content\/uploads\/2024\/07\/photo_2024-07-01_17-06-02-300x226.jpg 300w, https:\/\/bassgeigengala.de\/wordpress\/wp-content\/uploads\/2024\/07\/photo_2024-07-01_17-06-02-1200x904.jpg 1200w, https:\/\/bassgeigengala.de\/wordpress\/wp-content\/uploads\/2024\/07\/photo_2024-07-01_17-06-02-768x578.jpg 768w, https:\/\/bassgeigengala.de\/wordpress\/wp-content\/uploads\/2024\/07\/photo_2024-07-01_17-06-02-398x300.jpg 398w\" sizes=\"(max-width: 1280px) 100vw, 1280px\" \/><\/figure>\n\n\n\n<figure class=\"wp-block-image size-full\"><img decoding=\"async\" width=\"1280\" height=\"964\" data-id=\"2231\" src=\"http:\/\/bassgeigengala.de\/wordpress\/wp-content\/uploads\/2024\/07\/photo_2024-07-01_17-06-07.jpg\" alt=\"\" class=\"wp-image-2231\" srcset=\"https:\/\/bassgeigengala.de\/wordpress\/wp-content\/uploads\/2024\/07\/photo_2024-07-01_17-06-07.jpg 1280w, https:\/\/bassgeigengala.de\/wordpress\/wp-content\/uploads\/2024\/07\/photo_2024-07-01_17-06-07-300x226.jpg 300w, https:\/\/bassgeigengala.de\/wordpress\/wp-content\/uploads\/2024\/07\/photo_2024-07-01_17-06-07-1200x904.jpg 1200w, https:\/\/bassgeigengala.de\/wordpress\/wp-content\/uploads\/2024\/07\/photo_2024-07-01_17-06-07-768x578.jpg 768w, https:\/\/bassgeigengala.de\/wordpress\/wp-content\/uploads\/2024\/07\/photo_2024-07-01_17-06-07-398x300.jpg 398w\" sizes=\"(max-width: 1280px) 100vw, 1280px\" \/><\/figure>\n\n\n\n<figure class=\"wp-block-image size-full\"><img decoding=\"async\" width=\"1280\" height=\"960\" data-id=\"2230\" src=\"http:\/\/bassgeigengala.de\/wordpress\/wp-content\/uploads\/2024\/07\/photo_2024-07-01_17-06-16.jpg\" alt=\"\" class=\"wp-image-2230\" srcset=\"https:\/\/bassgeigengala.de\/wordpress\/wp-content\/uploads\/2024\/07\/photo_2024-07-01_17-06-16.jpg 1280w, https:\/\/bassgeigengala.de\/wordpress\/wp-content\/uploads\/2024\/07\/photo_2024-07-01_17-06-16-300x225.jpg 300w, https:\/\/bassgeigengala.de\/wordpress\/wp-content\/uploads\/2024\/07\/photo_2024-07-01_17-06-16-1200x900.jpg 1200w, https:\/\/bassgeigengala.de\/wordpress\/wp-content\/uploads\/2024\/07\/photo_2024-07-01_17-06-16-768x576.jpg 768w, https:\/\/bassgeigengala.de\/wordpress\/wp-content\/uploads\/2024\/07\/photo_2024-07-01_17-06-16-400x300.jpg 400w\" sizes=\"(max-width: 1280px) 100vw, 1280px\" \/><\/figure>\n\n\n\n<figure class=\"wp-block-image size-full\"><img decoding=\"async\" width=\"1280\" height=\"964\" data-id=\"2229\" src=\"http:\/\/bassgeigengala.de\/wordpress\/wp-content\/uploads\/2024\/07\/photo_2024-07-01_17-06-19.jpg\" alt=\"\" class=\"wp-image-2229\" srcset=\"https:\/\/bassgeigengala.de\/wordpress\/wp-content\/uploads\/2024\/07\/photo_2024-07-01_17-06-19.jpg 1280w, https:\/\/bassgeigengala.de\/wordpress\/wp-content\/uploads\/2024\/07\/photo_2024-07-01_17-06-19-300x226.jpg 300w, https:\/\/bassgeigengala.de\/wordpress\/wp-content\/uploads\/2024\/07\/photo_2024-07-01_17-06-19-1200x904.jpg 1200w, https:\/\/bassgeigengala.de\/wordpress\/wp-content\/uploads\/2024\/07\/photo_2024-07-01_17-06-19-768x578.jpg 768w, https:\/\/bassgeigengala.de\/wordpress\/wp-content\/uploads\/2024\/07\/photo_2024-07-01_17-06-19-398x300.jpg 398w\" sizes=\"(max-width: 1280px) 100vw, 1280px\" \/><\/figure>\n\n\n\n<figure class=\"wp-block-image size-full\"><img decoding=\"async\" width=\"1280\" height=\"964\" data-id=\"2228\" src=\"http:\/\/bassgeigengala.de\/wordpress\/wp-content\/uploads\/2024\/07\/photo_2024-07-01_17-06-24.jpg\" alt=\"\" class=\"wp-image-2228\" srcset=\"https:\/\/bassgeigengala.de\/wordpress\/wp-content\/uploads\/2024\/07\/photo_2024-07-01_17-06-24.jpg 1280w, https:\/\/bassgeigengala.de\/wordpress\/wp-content\/uploads\/2024\/07\/photo_2024-07-01_17-06-24-300x226.jpg 300w, https:\/\/bassgeigengala.de\/wordpress\/wp-content\/uploads\/2024\/07\/photo_2024-07-01_17-06-24-1200x904.jpg 1200w, https:\/\/bassgeigengala.de\/wordpress\/wp-content\/uploads\/2024\/07\/photo_2024-07-01_17-06-24-768x578.jpg 768w, https:\/\/bassgeigengala.de\/wordpress\/wp-content\/uploads\/2024\/07\/photo_2024-07-01_17-06-24-398x300.jpg 398w\" sizes=\"(max-width: 1280px) 100vw, 1280px\" \/><\/figure>\n\n\n\n<figure class=\"wp-block-image size-full\"><img decoding=\"async\" width=\"1280\" height=\"960\" data-id=\"2227\" src=\"http:\/\/bassgeigengala.de\/wordpress\/wp-content\/uploads\/2024\/07\/photo_2024-07-01_17-06-38.jpg\" alt=\"\" class=\"wp-image-2227\" srcset=\"https:\/\/bassgeigengala.de\/wordpress\/wp-content\/uploads\/2024\/07\/photo_2024-07-01_17-06-38.jpg 1280w, https:\/\/bassgeigengala.de\/wordpress\/wp-content\/uploads\/2024\/07\/photo_2024-07-01_17-06-38-300x225.jpg 300w, https:\/\/bassgeigengala.de\/wordpress\/wp-content\/uploads\/2024\/07\/photo_2024-07-01_17-06-38-1200x900.jpg 1200w, https:\/\/bassgeigengala.de\/wordpress\/wp-content\/uploads\/2024\/07\/photo_2024-07-01_17-06-38-768x576.jpg 768w, https:\/\/bassgeigengala.de\/wordpress\/wp-content\/uploads\/2024\/07\/photo_2024-07-01_17-06-38-400x300.jpg 400w\" sizes=\"(max-width: 1280px) 100vw, 1280px\" \/><\/figure>\n\n\n\n<figure class=\"wp-block-image size-full\"><img decoding=\"async\" width=\"1280\" height=\"964\" data-id=\"2225\" src=\"http:\/\/bassgeigengala.de\/wordpress\/wp-content\/uploads\/2024\/07\/photo_2024-07-01_17-05-57.jpg\" alt=\"\" class=\"wp-image-2225\" srcset=\"https:\/\/bassgeigengala.de\/wordpress\/wp-content\/uploads\/2024\/07\/photo_2024-07-01_17-05-57.jpg 1280w, https:\/\/bassgeigengala.de\/wordpress\/wp-content\/uploads\/2024\/07\/photo_2024-07-01_17-05-57-300x226.jpg 300w, https:\/\/bassgeigengala.de\/wordpress\/wp-content\/uploads\/2024\/07\/photo_2024-07-01_17-05-57-1200x904.jpg 1200w, https:\/\/bassgeigengala.de\/wordpress\/wp-content\/uploads\/2024\/07\/photo_2024-07-01_17-05-57-768x578.jpg 768w, https:\/\/bassgeigengala.de\/wordpress\/wp-content\/uploads\/2024\/07\/photo_2024-07-01_17-05-57-398x300.jpg 398w\" sizes=\"(max-width: 1280px) 100vw, 1280px\" \/><\/figure>\n\n\n\n<figure class=\"wp-block-image size-full\"><img decoding=\"async\" width=\"1280\" height=\"964\" data-id=\"2235\" src=\"http:\/\/bassgeigengala.de\/wordpress\/wp-content\/uploads\/2024\/07\/photo_2024-07-01_17-05-04.jpg\" alt=\"\" class=\"wp-image-2235\" srcset=\"https:\/\/bassgeigengala.de\/wordpress\/wp-content\/uploads\/2024\/07\/photo_2024-07-01_17-05-04.jpg 1280w, https:\/\/bassgeigengala.de\/wordpress\/wp-content\/uploads\/2024\/07\/photo_2024-07-01_17-05-04-300x226.jpg 300w, https:\/\/bassgeigengala.de\/wordpress\/wp-content\/uploads\/2024\/07\/photo_2024-07-01_17-05-04-1200x904.jpg 1200w, https:\/\/bassgeigengala.de\/wordpress\/wp-content\/uploads\/2024\/07\/photo_2024-07-01_17-05-04-768x578.jpg 768w, https:\/\/bassgeigengala.de\/wordpress\/wp-content\/uploads\/2024\/07\/photo_2024-07-01_17-05-04-398x300.jpg 398w\" sizes=\"(max-width: 1280px) 100vw, 1280px\" \/><\/figure>\n\n\n\n<figure class=\"wp-block-image size-full\"><img decoding=\"async\" width=\"964\" height=\"1280\" data-id=\"2234\" src=\"http:\/\/bassgeigengala.de\/wordpress\/wp-content\/uploads\/2024\/07\/photo_2024-07-01_17-05-29.jpg\" alt=\"\" class=\"wp-image-2234\" srcset=\"https:\/\/bassgeigengala.de\/wordpress\/wp-content\/uploads\/2024\/07\/photo_2024-07-01_17-05-29.jpg 964w, https:\/\/bassgeigengala.de\/wordpress\/wp-content\/uploads\/2024\/07\/photo_2024-07-01_17-05-29-226x300.jpg 226w, https:\/\/bassgeigengala.de\/wordpress\/wp-content\/uploads\/2024\/07\/photo_2024-07-01_17-05-29-904x1200.jpg 904w, https:\/\/bassgeigengala.de\/wordpress\/wp-content\/uploads\/2024\/07\/photo_2024-07-01_17-05-29-768x1020.jpg 768w\" sizes=\"(max-width: 964px) 100vw, 964px\" \/><\/figure>\n\n\n\n<figure class=\"wp-block-image size-full\"><img decoding=\"async\" width=\"1280\" height=\"964\" data-id=\"2236\" src=\"http:\/\/bassgeigengala.de\/wordpress\/wp-content\/uploads\/2024\/07\/photo_2024-07-01_17-04-58.jpg\" alt=\"\" class=\"wp-image-2236\" srcset=\"https:\/\/bassgeigengala.de\/wordpress\/wp-content\/uploads\/2024\/07\/photo_2024-07-01_17-04-58.jpg 1280w, https:\/\/bassgeigengala.de\/wordpress\/wp-content\/uploads\/2024\/07\/photo_2024-07-01_17-04-58-300x226.jpg 300w, https:\/\/bassgeigengala.de\/wordpress\/wp-content\/uploads\/2024\/07\/photo_2024-07-01_17-04-58-1200x904.jpg 1200w, https:\/\/bassgeigengala.de\/wordpress\/wp-content\/uploads\/2024\/07\/photo_2024-07-01_17-04-58-768x578.jpg 768w, https:\/\/bassgeigengala.de\/wordpress\/wp-content\/uploads\/2024\/07\/photo_2024-07-01_17-04-58-398x300.jpg 398w\" sizes=\"(max-width: 1280px) 100vw, 1280px\" \/><\/figure>\n<\/figure>\n\n\n\n<figure class=\"wp-block-video\"><video controls src=\"http:\/\/bassgeigengala.de\/wordpress\/wp-content\/uploads\/2024\/07\/video_2024-07-03_22-12-25.mp4\" playsinline><\/video><\/figure>\n\n\n\n<figure class=\"wp-block-video\"><video controls src=\"http:\/\/bassgeigengala.de\/wordpress\/wp-content\/uploads\/2024\/07\/video_2024-07-03_22-12-02.mp4\" playsinline><\/video><\/figure>\n\n\n\n<h2 class=\"wp-block-heading\">Die Premiere am 09.06.2024 in der Schlosskirche zu Bernburg &#8211; einschlie\u00dflich einer jazzigen Urauff\u00fchrung.<\/h2>\n\n\n\n<figure class=\"wp-block-gallery has-nested-images columns-default wp-block-gallery-2 is-layout-flex wp-block-gallery-is-layout-flex\">\n<figure class=\"wp-block-image size-large\"><img decoding=\"async\" width=\"1200\" height=\"904\" data-id=\"2243\" src=\"http:\/\/bassgeigengala.de\/wordpress\/wp-content\/uploads\/2024\/07\/photo_2024-07-01_17-05-52-1200x904.jpg\" alt=\"\" class=\"wp-image-2243\" srcset=\"https:\/\/bassgeigengala.de\/wordpress\/wp-content\/uploads\/2024\/07\/photo_2024-07-01_17-05-52-1200x904.jpg 1200w, https:\/\/bassgeigengala.de\/wordpress\/wp-content\/uploads\/2024\/07\/photo_2024-07-01_17-05-52-300x226.jpg 300w, https:\/\/bassgeigengala.de\/wordpress\/wp-content\/uploads\/2024\/07\/photo_2024-07-01_17-05-52-768x578.jpg 768w, https:\/\/bassgeigengala.de\/wordpress\/wp-content\/uploads\/2024\/07\/photo_2024-07-01_17-05-52-398x300.jpg 398w, https:\/\/bassgeigengala.de\/wordpress\/wp-content\/uploads\/2024\/07\/photo_2024-07-01_17-05-52.jpg 1280w\" sizes=\"(max-width: 1200px) 100vw, 1200px\" \/><\/figure>\n\n\n\n<figure class=\"wp-block-image size-large\"><img decoding=\"async\" width=\"1200\" height=\"904\" data-id=\"2242\" src=\"http:\/\/bassgeigengala.de\/wordpress\/wp-content\/uploads\/2024\/07\/photo_2024-07-01_17-06-11-1200x904.jpg\" alt=\"\" class=\"wp-image-2242\" srcset=\"https:\/\/bassgeigengala.de\/wordpress\/wp-content\/uploads\/2024\/07\/photo_2024-07-01_17-06-11-1200x904.jpg 1200w, https:\/\/bassgeigengala.de\/wordpress\/wp-content\/uploads\/2024\/07\/photo_2024-07-01_17-06-11-300x226.jpg 300w, https:\/\/bassgeigengala.de\/wordpress\/wp-content\/uploads\/2024\/07\/photo_2024-07-01_17-06-11-768x578.jpg 768w, https:\/\/bassgeigengala.de\/wordpress\/wp-content\/uploads\/2024\/07\/photo_2024-07-01_17-06-11-398x300.jpg 398w, https:\/\/bassgeigengala.de\/wordpress\/wp-content\/uploads\/2024\/07\/photo_2024-07-01_17-06-11.jpg 1280w\" sizes=\"(max-width: 1200px) 100vw, 1200px\" \/><\/figure>\n\n\n\n<figure class=\"wp-block-image size-large\"><img decoding=\"async\" width=\"904\" height=\"1200\" data-id=\"2241\" src=\"http:\/\/bassgeigengala.de\/wordpress\/wp-content\/uploads\/2024\/07\/photo_2024-07-01_17-06-29-904x1200.jpg\" alt=\"\" class=\"wp-image-2241\" srcset=\"https:\/\/bassgeigengala.de\/wordpress\/wp-content\/uploads\/2024\/07\/photo_2024-07-01_17-06-29-904x1200.jpg 904w, https:\/\/bassgeigengala.de\/wordpress\/wp-content\/uploads\/2024\/07\/photo_2024-07-01_17-06-29-226x300.jpg 226w, https:\/\/bassgeigengala.de\/wordpress\/wp-content\/uploads\/2024\/07\/photo_2024-07-01_17-06-29-768x1020.jpg 768w, https:\/\/bassgeigengala.de\/wordpress\/wp-content\/uploads\/2024\/07\/photo_2024-07-01_17-06-29.jpg 964w\" sizes=\"(max-width: 904px) 100vw, 904px\" \/><\/figure>\n\n\n\n<figure class=\"wp-block-image size-large\"><img decoding=\"async\" width=\"1200\" height=\"904\" data-id=\"2240\" src=\"http:\/\/bassgeigengala.de\/wordpress\/wp-content\/uploads\/2024\/07\/photo_2024-07-01_17-06-34-1200x904.jpg\" alt=\"\" class=\"wp-image-2240\" srcset=\"https:\/\/bassgeigengala.de\/wordpress\/wp-content\/uploads\/2024\/07\/photo_2024-07-01_17-06-34-1200x904.jpg 1200w, https:\/\/bassgeigengala.de\/wordpress\/wp-content\/uploads\/2024\/07\/photo_2024-07-01_17-06-34-300x226.jpg 300w, https:\/\/bassgeigengala.de\/wordpress\/wp-content\/uploads\/2024\/07\/photo_2024-07-01_17-06-34-768x578.jpg 768w, https:\/\/bassgeigengala.de\/wordpress\/wp-content\/uploads\/2024\/07\/photo_2024-07-01_17-06-34-398x300.jpg 398w, https:\/\/bassgeigengala.de\/wordpress\/wp-content\/uploads\/2024\/07\/photo_2024-07-01_17-06-34.jpg 1280w\" sizes=\"(max-width: 1200px) 100vw, 1200px\" \/><\/figure>\n<\/figure>\n\n\n\n<figure class=\"wp-block-video\"><video controls src=\"http:\/\/bassgeigengala.de\/wordpress\/wp-content\/uploads\/2024\/07\/video_2024-07-03_22-12-11.mp4\" playsinline><\/video><\/figure>\n\n\n\n<figure class=\"wp-block-video\"><video controls src=\"http:\/\/bassgeigengala.de\/wordpress\/wp-content\/uploads\/2024\/07\/video_2024-07-03_22-12-37.mp4\" playsinline><\/video><\/figure>\n\n\n\n<h2 class=\"wp-block-heading\">Und das gro\u00dfe Finale: das Gala-Konzert &#8222;AllerB\u00c4SSTE Freunde&#8220; am 09.06.2024 in und vor dem Schloss Mosigkau &#8211; bei b\u00e4sstem Wetter.<\/h2>\n\n\n\n<figure class=\"wp-block-gallery has-nested-images columns-2 wp-block-gallery-3 is-layout-flex wp-block-gallery-is-layout-flex\">\n<figure class=\"wp-block-image size-large\"><img decoding=\"async\" width=\"848\" height=\"1200\" data-id=\"2219\" src=\"http:\/\/bassgeigengala.de\/wordpress\/wp-content\/uploads\/2024\/05\/photo_2024-05-23_22-10-12-848x1200.jpg\" alt=\"\" class=\"wp-image-2219\" srcset=\"https:\/\/bassgeigengala.de\/wordpress\/wp-content\/uploads\/2024\/05\/photo_2024-05-23_22-10-12-848x1200.jpg 848w, https:\/\/bassgeigengala.de\/wordpress\/wp-content\/uploads\/2024\/05\/photo_2024-05-23_22-10-12-212x300.jpg 212w, https:\/\/bassgeigengala.de\/wordpress\/wp-content\/uploads\/2024\/05\/photo_2024-05-23_22-10-12-768x1086.jpg 768w, https:\/\/bassgeigengala.de\/wordpress\/wp-content\/uploads\/2024\/05\/photo_2024-05-23_22-10-12.jpg 905w\" sizes=\"(max-width: 848px) 100vw, 848px\" \/><\/figure>\n\n\n\n<figure class=\"wp-block-image size-large\"><img decoding=\"async\" width=\"1200\" height=\"904\" data-id=\"2253\" src=\"http:\/\/bassgeigengala.de\/wordpress\/wp-content\/uploads\/2024\/07\/photo_2024-07-01_17-04-40-1200x904.jpg\" alt=\"\" class=\"wp-image-2253\" srcset=\"https:\/\/bassgeigengala.de\/wordpress\/wp-content\/uploads\/2024\/07\/photo_2024-07-01_17-04-40-1200x904.jpg 1200w, https:\/\/bassgeigengala.de\/wordpress\/wp-content\/uploads\/2024\/07\/photo_2024-07-01_17-04-40-300x226.jpg 300w, https:\/\/bassgeigengala.de\/wordpress\/wp-content\/uploads\/2024\/07\/photo_2024-07-01_17-04-40-768x578.jpg 768w, https:\/\/bassgeigengala.de\/wordpress\/wp-content\/uploads\/2024\/07\/photo_2024-07-01_17-04-40-398x300.jpg 398w, https:\/\/bassgeigengala.de\/wordpress\/wp-content\/uploads\/2024\/07\/photo_2024-07-01_17-04-40.jpg 1280w\" sizes=\"(max-width: 1200px) 100vw, 1200px\" \/><\/figure>\n\n\n\n<figure class=\"wp-block-image size-large\"><img decoding=\"async\" width=\"1200\" height=\"904\" data-id=\"2252\" src=\"http:\/\/bassgeigengala.de\/wordpress\/wp-content\/uploads\/2024\/07\/photo_2024-07-01_17-05-10-1200x904.jpg\" alt=\"\" class=\"wp-image-2252\" srcset=\"https:\/\/bassgeigengala.de\/wordpress\/wp-content\/uploads\/2024\/07\/photo_2024-07-01_17-05-10-1200x904.jpg 1200w, https:\/\/bassgeigengala.de\/wordpress\/wp-content\/uploads\/2024\/07\/photo_2024-07-01_17-05-10-300x226.jpg 300w, https:\/\/bassgeigengala.de\/wordpress\/wp-content\/uploads\/2024\/07\/photo_2024-07-01_17-05-10-768x578.jpg 768w, https:\/\/bassgeigengala.de\/wordpress\/wp-content\/uploads\/2024\/07\/photo_2024-07-01_17-05-10-398x300.jpg 398w, https:\/\/bassgeigengala.de\/wordpress\/wp-content\/uploads\/2024\/07\/photo_2024-07-01_17-05-10.jpg 1280w\" sizes=\"(max-width: 1200px) 100vw, 1200px\" \/><\/figure>\n\n\n\n<figure class=\"wp-block-image size-large\"><img decoding=\"async\" width=\"1200\" height=\"904\" data-id=\"2251\" src=\"http:\/\/bassgeigengala.de\/wordpress\/wp-content\/uploads\/2024\/07\/photo_2024-07-01_17-05-13-1200x904.jpg\" alt=\"\" class=\"wp-image-2251\" srcset=\"https:\/\/bassgeigengala.de\/wordpress\/wp-content\/uploads\/2024\/07\/photo_2024-07-01_17-05-13-1200x904.jpg 1200w, https:\/\/bassgeigengala.de\/wordpress\/wp-content\/uploads\/2024\/07\/photo_2024-07-01_17-05-13-300x226.jpg 300w, https:\/\/bassgeigengala.de\/wordpress\/wp-content\/uploads\/2024\/07\/photo_2024-07-01_17-05-13-768x578.jpg 768w, https:\/\/bassgeigengala.de\/wordpress\/wp-content\/uploads\/2024\/07\/photo_2024-07-01_17-05-13-398x300.jpg 398w, https:\/\/bassgeigengala.de\/wordpress\/wp-content\/uploads\/2024\/07\/photo_2024-07-01_17-05-13.jpg 1280w\" sizes=\"(max-width: 1200px) 100vw, 1200px\" \/><\/figure>\n\n\n\n<figure class=\"wp-block-image size-large\"><img decoding=\"async\" width=\"1200\" height=\"904\" data-id=\"2250\" src=\"http:\/\/bassgeigengala.de\/wordpress\/wp-content\/uploads\/2024\/07\/photo_2024-07-01_17-05-19-1200x904.jpg\" alt=\"\" class=\"wp-image-2250\" srcset=\"https:\/\/bassgeigengala.de\/wordpress\/wp-content\/uploads\/2024\/07\/photo_2024-07-01_17-05-19-1200x904.jpg 1200w, https:\/\/bassgeigengala.de\/wordpress\/wp-content\/uploads\/2024\/07\/photo_2024-07-01_17-05-19-300x226.jpg 300w, https:\/\/bassgeigengala.de\/wordpress\/wp-content\/uploads\/2024\/07\/photo_2024-07-01_17-05-19-768x578.jpg 768w, https:\/\/bassgeigengala.de\/wordpress\/wp-content\/uploads\/2024\/07\/photo_2024-07-01_17-05-19-398x300.jpg 398w, https:\/\/bassgeigengala.de\/wordpress\/wp-content\/uploads\/2024\/07\/photo_2024-07-01_17-05-19.jpg 1280w\" sizes=\"(max-width: 1200px) 100vw, 1200px\" \/><\/figure>\n\n\n\n<figure class=\"wp-block-image size-large\"><img decoding=\"async\" width=\"1200\" height=\"904\" data-id=\"2249\" src=\"http:\/\/bassgeigengala.de\/wordpress\/wp-content\/uploads\/2024\/07\/photo_2024-07-01_17-05-24-1200x904.jpg\" alt=\"\" class=\"wp-image-2249\" srcset=\"https:\/\/bassgeigengala.de\/wordpress\/wp-content\/uploads\/2024\/07\/photo_2024-07-01_17-05-24-1200x904.jpg 1200w, https:\/\/bassgeigengala.de\/wordpress\/wp-content\/uploads\/2024\/07\/photo_2024-07-01_17-05-24-300x226.jpg 300w, https:\/\/bassgeigengala.de\/wordpress\/wp-content\/uploads\/2024\/07\/photo_2024-07-01_17-05-24-768x578.jpg 768w, https:\/\/bassgeigengala.de\/wordpress\/wp-content\/uploads\/2024\/07\/photo_2024-07-01_17-05-24-398x300.jpg 398w, https:\/\/bassgeigengala.de\/wordpress\/wp-content\/uploads\/2024\/07\/photo_2024-07-01_17-05-24.jpg 1280w\" sizes=\"(max-width: 1200px) 100vw, 1200px\" \/><\/figure>\n\n\n\n<figure class=\"wp-block-image size-large\"><img decoding=\"async\" width=\"900\" height=\"1200\" data-id=\"2248\" src=\"http:\/\/bassgeigengala.de\/wordpress\/wp-content\/uploads\/2024\/07\/photo_2024-07-01_17-05-34-900x1200.jpg\" alt=\"\" class=\"wp-image-2248\" srcset=\"https:\/\/bassgeigengala.de\/wordpress\/wp-content\/uploads\/2024\/07\/photo_2024-07-01_17-05-34-900x1200.jpg 900w, https:\/\/bassgeigengala.de\/wordpress\/wp-content\/uploads\/2024\/07\/photo_2024-07-01_17-05-34-225x300.jpg 225w, https:\/\/bassgeigengala.de\/wordpress\/wp-content\/uploads\/2024\/07\/photo_2024-07-01_17-05-34-768x1024.jpg 768w, https:\/\/bassgeigengala.de\/wordpress\/wp-content\/uploads\/2024\/07\/photo_2024-07-01_17-05-34.jpg 960w\" sizes=\"(max-width: 900px) 100vw, 900px\" \/><\/figure>\n\n\n\n<figure class=\"wp-block-image size-large\"><img decoding=\"async\" width=\"900\" height=\"1200\" data-id=\"2247\" src=\"http:\/\/bassgeigengala.de\/wordpress\/wp-content\/uploads\/2024\/07\/photo_2024-07-01_17-05-39-900x1200.jpg\" alt=\"\" class=\"wp-image-2247\" srcset=\"https:\/\/bassgeigengala.de\/wordpress\/wp-content\/uploads\/2024\/07\/photo_2024-07-01_17-05-39-900x1200.jpg 900w, https:\/\/bassgeigengala.de\/wordpress\/wp-content\/uploads\/2024\/07\/photo_2024-07-01_17-05-39-225x300.jpg 225w, https:\/\/bassgeigengala.de\/wordpress\/wp-content\/uploads\/2024\/07\/photo_2024-07-01_17-05-39-768x1024.jpg 768w, https:\/\/bassgeigengala.de\/wordpress\/wp-content\/uploads\/2024\/07\/photo_2024-07-01_17-05-39.jpg 960w\" sizes=\"(max-width: 900px) 100vw, 900px\" \/><\/figure>\n\n\n\n<figure class=\"wp-block-image size-large\"><img decoding=\"async\" width=\"1200\" height=\"904\" data-id=\"2272\" src=\"http:\/\/bassgeigengala.de\/wordpress\/wp-content\/uploads\/2024\/07\/photo_2024-07-04_21-53-22-1200x904.jpg\" alt=\"\" class=\"wp-image-2272\" srcset=\"https:\/\/bassgeigengala.de\/wordpress\/wp-content\/uploads\/2024\/07\/photo_2024-07-04_21-53-22-1200x904.jpg 1200w, https:\/\/bassgeigengala.de\/wordpress\/wp-content\/uploads\/2024\/07\/photo_2024-07-04_21-53-22-300x226.jpg 300w, https:\/\/bassgeigengala.de\/wordpress\/wp-content\/uploads\/2024\/07\/photo_2024-07-04_21-53-22-768x578.jpg 768w, https:\/\/bassgeigengala.de\/wordpress\/wp-content\/uploads\/2024\/07\/photo_2024-07-04_21-53-22-398x300.jpg 398w, https:\/\/bassgeigengala.de\/wordpress\/wp-content\/uploads\/2024\/07\/photo_2024-07-04_21-53-22.jpg 1280w\" sizes=\"(max-width: 1200px) 100vw, 1200px\" \/><\/figure>\n<\/figure>\n\n\n\n<figure class=\"wp-block-video\"><video controls preload=\"auto\" src=\"http:\/\/bassgeigengala.de\/wordpress\/wp-content\/uploads\/2024\/07\/video_2024-07-03_22-11-01.mp4\" playsinline><\/video><\/figure>\n\n\n\n<figure class=\"wp-block-video\"><video controls src=\"http:\/\/bassgeigengala.de\/wordpress\/wp-content\/uploads\/2024\/07\/video_2024-07-03_22-11-28.mp4\" playsinline><\/video><\/figure>\n\n\n\n<figure class=\"wp-block-video\"><video controls src=\"http:\/\/bassgeigengala.de\/wordpress\/wp-content\/uploads\/2024\/07\/video_2024-07-03_22-10-37.mp4\" playsinline><\/video><\/figure>\n","protected":false},"excerpt":{"rendered":"<p>Nun sind schon wieder einige Wochen vergangen und ich bin noch immer voller Gl\u00fccksgef\u00fchle &#8211; \u201eAllerB\u00c4SSte Freunde\u201c &#8211; das sollte eigentlich nur das Motto sein aber es wurde wahr und wir haben es gelebt! Trotz aller Schwierigkeiten haben wir uns &hellip; <a href=\"https:\/\/bassgeigengala.de\/?p=2224\">Weiterlesen <span class=\"meta-nav\">&rarr;<\/span><\/a><\/p>\n","protected":false},"author":3,"featured_media":0,"comment_status":"closed","ping_status":"closed","sticky":false,"template":"","format":"standard","meta":{"footnotes":""},"categories":[1],"tags":[],"class_list":["post-2224","post","type-post","status-publish","format-standard","hentry","category-allgemein"],"_links":{"self":[{"href":"https:\/\/bassgeigengala.de\/index.php?rest_route=\/wp\/v2\/posts\/2224","targetHints":{"allow":["GET"]}}],"collection":[{"href":"https:\/\/bassgeigengala.de\/index.php?rest_route=\/wp\/v2\/posts"}],"about":[{"href":"https:\/\/bassgeigengala.de\/index.php?rest_route=\/wp\/v2\/types\/post"}],"author":[{"embeddable":true,"href":"https:\/\/bassgeigengala.de\/index.php?rest_route=\/wp\/v2\/users\/3"}],"replies":[{"embeddable":true,"href":"https:\/\/bassgeigengala.de\/index.php?rest_route=%2Fwp%2Fv2%2Fcomments&post=2224"}],"version-history":[{"count":18,"href":"https:\/\/bassgeigengala.de\/index.php?rest_route=\/wp\/v2\/posts\/2224\/revisions"}],"predecessor-version":[{"id":2289,"href":"https:\/\/bassgeigengala.de\/index.php?rest_route=\/wp\/v2\/posts\/2224\/revisions\/2289"}],"wp:attachment":[{"href":"https:\/\/bassgeigengala.de\/index.php?rest_route=%2Fwp%2Fv2%2Fmedia&parent=2224"}],"wp:term":[{"taxonomy":"category","embeddable":true,"href":"https:\/\/bassgeigengala.de\/index.php?rest_route=%2Fwp%2Fv2%2Fcategories&post=2224"},{"taxonomy":"post_tag","embeddable":true,"href":"https:\/\/bassgeigengala.de\/index.php?rest_route=%2Fwp%2Fv2%2Ftags&post=2224"}],"curies":[{"name":"wp","href":"https:\/\/api.w.org\/{rel}","templated":true}]}}