{"id":2278,"date":"2024-06-08T22:10:04","date_gmt":"2024-06-08T20:10:04","guid":{"rendered":"http:\/\/bassgeigengala.de\/?p=2278"},"modified":"2024-07-04T22:11:43","modified_gmt":"2024-07-04T20:11:43","slug":"ankuendigung-32-bassgeigengala-08-09-06-2024","status":"publish","type":"post","link":"https:\/\/bassgeigengala.de\/?p=2278","title":{"rendered":"Ank\u00fcndigung 32. Bassgeigengala 08.\/09.06.2024"},"content":{"rendered":"\n<figure class=\"wp-block-image size-large\"><img decoding=\"async\" width=\"848\" height=\"1200\" src=\"http:\/\/bassgeigengala.de\/wordpress\/wp-content\/uploads\/2024\/05\/photo_2024-05-23_22-10-12-848x1200.jpg\" alt=\"\" class=\"wp-image-2219\" srcset=\"https:\/\/bassgeigengala.de\/wordpress\/wp-content\/uploads\/2024\/05\/photo_2024-05-23_22-10-12-848x1200.jpg 848w, https:\/\/bassgeigengala.de\/wordpress\/wp-content\/uploads\/2024\/05\/photo_2024-05-23_22-10-12-212x300.jpg 212w, https:\/\/bassgeigengala.de\/wordpress\/wp-content\/uploads\/2024\/05\/photo_2024-05-23_22-10-12-768x1086.jpg 768w, https:\/\/bassgeigengala.de\/wordpress\/wp-content\/uploads\/2024\/05\/photo_2024-05-23_22-10-12.jpg 905w\" sizes=\"(max-width: 848px) 100vw, 848px\" \/><\/figure>\n\n\n\n<h1 class=\"wp-block-heading has-blue-color has-text-color has-link-color has-medium-font-size wp-elements-759cfe6e8487d2d0faa54e153fba6b9a\"><mark style=\"background-color:rgba(0, 0, 0, 0)\" class=\"has-inline-color has-blue-color\">32. Bassgeigengala<\/mark><\/h1>\n\n\n\n<p>Die Bassgeigengala geht in die 32. Runde: Die beliebte j\u00e4hrliche Veranstaltungsreihe rund um den Kontrabass findet auch 2024 wieder in Bernburg (Saale) und Dessau-Ro\u00dflau statt. H\u00f6hepunkte sind die beiden Konzerte in der Bernburger Schlosskirche St. Aegidien (8. Juni. 17:00 Uhr) und im Schloss Mosigkau (9. Juni, 17:00 Uhr). Unter dem Motto \u201eAllerB\u00c4SSte Freunde\u201c erklingen zwei Urauff\u00fchrungen von Christoph Reuter und Carl Vielhauer sowie die \u201eBassacaglia\u201c von Franz-Michael Deimling. G\u00e4ste k\u00f6nnen sich auf ein abwechslungsreiches Programm von folkloristischen bis jazzigen Kl\u00e4ngen, aber auch mit Musik aus Barock und Klassik freuen.<\/p>\n\n\n\n<p>Das <strong>Konzertrepertoire<\/strong> wird vom 7. bis 9. Juni 2024 in einem Wochenend-Bassworkshop in Bernburg erarbeitet. Die <strong>Leitung<\/strong> \u00fcbernimmt in diesem Jahr erstmalig <strong>Franz Blumenthal (Konservatorium Hamburg und stellvertretender Vorsitzender des HanseBass e.V.)<\/strong>. Auch der beliebte <strong>Kontrabass-Virtuose Miloslav Gajdos (Kromeriz)<\/strong> steht den Teilnehmenden aus Frankreich, Tschechien sowie aus Hamburg, Mecklenburg-Vorpommern, Niedersachsen, Sachsen, Th\u00fcringen und Sachsen-Anhalt als Dozent zur Verf\u00fcgung.<\/p>\n\n\n\n<p><strong>Klavierbegleitung:<\/strong> Maximilian Lange<br><strong>K\u00fcnstlerische Assistentin:<\/strong> Chantal Gadau<br><strong>Ehrenvorsitz: <\/strong>Ingo Burghausen<\/p>\n\n\n\n<h1 class=\"wp-block-heading has-blue-color has-text-color has-link-color has-medium-font-size wp-elements-8d4a684f0c6299125038b7c18d0f6ae9\"><strong><mark style=\"background-color:#fff\" class=\"has-inline-color has-blue-color\">Konzerte:<\/mark><\/strong><\/h1>\n\n\n\n<p>Am <strong>Samstag, 8. Juni 2024<\/strong> um 17:00 Uhr in der <strong>Schlosskirche St. Aegidien Bernburg <\/strong>als Programmpunkt des Schlossbergfestes (Eintritt frei) und am <\/p>\n\n\n\n<p><strong>Sonntag, 9. Juni<\/strong> um 17:00 Uhr im <strong>Schloss Mosigkau <\/strong>(Eintritt: 10 Euro, Telefonische Vorbestellung unter: 0340 \u2013 50255721)<\/p>\n\n\n\n<p>Im Rahmen des Schlossbergfestes wird auch das Puppentheaterst\u00fcck \u201eDer Kontraspatz\u201c, ein Kinderst\u00fcck rund um die Bassgeige von Rosmarie Vogtenhuber mit Musik von Ingo Burghausen, aufgef\u00fchrt.<\/p>\n\n\n\n<p>Die 32. Bassgeigengala ist eine Veranstaltung der Stadt Bernburg (Saale) mit freundlicher Unterst\u00fctzung der Kulturstiftung Dessau-W\u00f6rlitz, des F\u00f6rderkreises der Musikschule und der Musikschule \u201eKurt Weill\u201c Dessau und der Landesmusikakademie Sachsen-Anhalt.<\/p>\n\n\n\n<p>Wir freuen uns darauf, euch zu sehen!<\/p>\n\n\n\n<p><a href=\"http:\/\/www.bassgeigengala.de\/\">www.bassgeigengala.de<\/a><\/p>\n\n\n\n<p><strong>Ansprechpartner:<\/strong><br>Ingo Burghausen<br>0177 \u2013 701 47 76<br>ingoburghausen@web.de<\/p>\n","protected":false},"excerpt":{"rendered":"<p>32. Bassgeigengala Die Bassgeigengala geht in die 32. Runde: Die beliebte j\u00e4hrliche Veranstaltungsreihe rund um den Kontrabass findet auch 2024 wieder in Bernburg (Saale) und Dessau-Ro\u00dflau statt. H\u00f6hepunkte sind die beiden Konzerte in der Bernburger Schlosskirche St. Aegidien (8. Juni. &hellip; <a href=\"https:\/\/bassgeigengala.de\/?p=2278\">Weiterlesen <span class=\"meta-nav\">&rarr;<\/span><\/a><\/p>\n","protected":false},"author":3,"featured_media":0,"comment_status":"closed","ping_status":"closed","sticky":false,"template":"","format":"standard","meta":{"footnotes":""},"categories":[2],"tags":[],"class_list":["post-2278","post","type-post","status-publish","format-standard","hentry","category-rueckblick"],"_links":{"self":[{"href":"https:\/\/bassgeigengala.de\/index.php?rest_route=\/wp\/v2\/posts\/2278","targetHints":{"allow":["GET"]}}],"collection":[{"href":"https:\/\/bassgeigengala.de\/index.php?rest_route=\/wp\/v2\/posts"}],"about":[{"href":"https:\/\/bassgeigengala.de\/index.php?rest_route=\/wp\/v2\/types\/post"}],"author":[{"embeddable":true,"href":"https:\/\/bassgeigengala.de\/index.php?rest_route=\/wp\/v2\/users\/3"}],"replies":[{"embeddable":true,"href":"https:\/\/bassgeigengala.de\/index.php?rest_route=%2Fwp%2Fv2%2Fcomments&post=2278"}],"version-history":[{"count":1,"href":"https:\/\/bassgeigengala.de\/index.php?rest_route=\/wp\/v2\/posts\/2278\/revisions"}],"predecessor-version":[{"id":2279,"href":"https:\/\/bassgeigengala.de\/index.php?rest_route=\/wp\/v2\/posts\/2278\/revisions\/2279"}],"wp:attachment":[{"href":"https:\/\/bassgeigengala.de\/index.php?rest_route=%2Fwp%2Fv2%2Fmedia&parent=2278"}],"wp:term":[{"taxonomy":"category","embeddable":true,"href":"https:\/\/bassgeigengala.de\/index.php?rest_route=%2Fwp%2Fv2%2Fcategories&post=2278"},{"taxonomy":"post_tag","embeddable":true,"href":"https:\/\/bassgeigengala.de\/index.php?rest_route=%2Fwp%2Fv2%2Ftags&post=2278"}],"curies":[{"name":"wp","href":"https:\/\/api.w.org\/{rel}","templated":true}]}}